{"id":548,"date":"2023-06-08T13:32:43","date_gmt":"2023-06-08T11:32:43","guid":{"rendered":"https:\/\/www.apadepilepsia.es\/?p=548"},"modified":"2023-06-08T13:41:14","modified_gmt":"2023-06-08T11:41:14","slug":"encuentro-con-a-s-a-d-e","status":"publish","type":"post","link":"https:\/\/www.apadepilepsia.es\/index.php\/2023\/06\/08\/encuentro-con-a-s-a-d-e\/","title":{"rendered":"Encuentro con A.S.A.D.E."},"content":{"rendered":"\n<figure class=\"wp-block-image size-large\"><img loading=\"lazy\" width=\"1024\" height=\"913\" src=\"https:\/\/www.apadepilepsia.es\/wp-content\/uploads\/2023\/06\/image-1-1024x913.png\" alt=\"\" class=\"wp-image-553\" srcset=\"https:\/\/www.apadepilepsia.es\/wp-content\/uploads\/2023\/06\/image-1-1024x913.png 1024w, https:\/\/www.apadepilepsia.es\/wp-content\/uploads\/2023\/06\/image-1-300x268.png 300w, https:\/\/www.apadepilepsia.es\/wp-content\/uploads\/2023\/06\/image-1-768x685.png 768w, https:\/\/www.apadepilepsia.es\/wp-content\/uploads\/2023\/06\/image-1-336x300.png 336w, https:\/\/www.apadepilepsia.es\/wp-content\/uploads\/2023\/06\/image-1.png 1155w\" sizes=\"(max-width: 1024px) 100vw, 1024px\" \/><\/figure>\n\n\n\n<p>El pasado 5 de junio de 2023 A.P.A.D.E. recibi\u00f3 en su despacho, en el Hotel de Asociaciones de Legan\u00e9s, a la Asociaci\u00f3n A.S.A.D.E. Asociaci\u00f3n Aragonesa de Epilepsia. Fue una reuni\u00f3n fruct\u00edfera y gustosa por ambas partes.<\/p>\n","protected":false},"excerpt":{"rendered":"<p>El pasado 5 de junio de 2023 A.P.A.D.E. recibi\u00f3 en su despacho, en el Hotel de Asociaciones de Legan\u00e9s, a la Asociaci\u00f3n A.S.A.D.E. Asociaci\u00f3n Aragonesa de Epilepsia. Fue una reuni\u00f3n fruct\u00edfera y gustosa por ambas partes.<\/p>\n","protected":false},"author":1,"featured_media":0,"comment_status":"open","ping_status":"open","sticky":false,"template":"","format":"image","meta":[],"categories":[1],"tags":[],"_links":{"self":[{"href":"https:\/\/www.apadepilepsia.es\/index.php\/wp-json\/wp\/v2\/posts\/548"}],"collection":[{"href":"https:\/\/www.apadepilepsia.es\/index.php\/wp-json\/wp\/v2\/posts"}],"about":[{"href":"https:\/\/www.apadepilepsia.es\/index.php\/wp-json\/wp\/v2\/types\/post"}],"author":[{"embeddable":true,"href":"https:\/\/www.apadepilepsia.es\/index.php\/wp-json\/wp\/v2\/users\/1"}],"replies":[{"embeddable":true,"href":"https:\/\/www.apadepilepsia.es\/index.php\/wp-json\/wp\/v2\/comments?post=548"}],"version-history":[{"count":2,"href":"https:\/\/www.apadepilepsia.es\/index.php\/wp-json\/wp\/v2\/posts\/548\/revisions"}],"predecessor-version":[{"id":554,"href":"https:\/\/www.apadepilepsia.es\/index.php\/wp-json\/wp\/v2\/posts\/548\/revisions\/554"}],"wp:attachment":[{"href":"https:\/\/www.apadepilepsia.es\/index.php\/wp-json\/wp\/v2\/media?parent=548"}],"wp:term":[{"taxonomy":"category","embeddable":true,"href":"https:\/\/www.apadepilepsia.es\/index.php\/wp-json\/wp\/v2\/categories?post=548"},{"taxonomy":"post_tag","embeddable":true,"href":"https:\/\/www.apadepilepsia.es\/index.php\/wp-json\/wp\/v2\/tags?post=548"}],"curies":[{"name":"wp","href":"https:\/\/api.w.org\/{rel}","templated":true}]}}