{"id":411,"date":"2020-05-14T21:52:11","date_gmt":"2020-05-14T19:52:11","guid":{"rendered":"http:\/\/www.apadepilepsia.es\/?p=411"},"modified":"2020-05-18T15:06:51","modified_gmt":"2020-05-18T13:06:51","slug":"1-millon-de-pasos-por-la-epilepsia","status":"publish","type":"post","link":"https:\/\/www.apadepilepsia.es\/index.php\/2020\/05\/14\/1-millon-de-pasos-por-la-epilepsia\/","title":{"rendered":"1 mill\u00f3n de pasos por la Epilepsia"},"content":{"rendered":"\n<p>Sumemos 1 mill\u00f3n de pasos por la Epilepsia. <\/p>\n\n\n\n<p>Desde la <a href=\"http:\/\/www.fedeepilepsia.org\/\">Federaci\u00f3n Espa\u00f1ola de Epilepsia<\/a> &nbsp;ponemos en marcha del <strong>17 al 24 de mayo<\/strong> la II edici\u00f3n de la campa\u00f1a <strong>Un Mill\u00f3n de Pasos por la Epilepsia<\/strong>\n con el fin de poner en las agendas p\u00fablicas la falta de ayudas al \ncolectivo y a sus familias por parte de la administraci\u00f3n; la poca o \nnula investigaci\u00f3n p\u00fablica y el escaso &#8216;ruido&#8217; social y medi\u00e1tico a la \nepilepsia, un trastorno neuronal que, despu\u00e9s de la migra\u00f1a, es el que \nm\u00e1s consultas genera en los departamentos de Neurolog\u00eda.<\/p>\n\n\n\n<p>\u00c9sta es la segunda edici\u00f3n de la caminata, que organizamos con motivo de la celebraci\u00f3n el <strong>24 de mayo del D\u00eda Nacional de la Epilepsia,<\/strong> y la primera vez que la hacemos virtualmente, debido al estado excepcional de alarma.<\/p>\n\n\n\n<p><a href=\"https:\/\/drive.google.com\/drive\/folders\/1JNTJdlR9y5HRVVZ3lVr9go-j38Gxt7Zh?usp=sharing\" target=\"_blank\" rel=\"noreferrer noopener\">LINK A MATERIALES DE CAMPA\u00d1A: BANNER HORIZONTAL Y FLYER<\/a><\/p>\n\n\n\n<p><strong>C\u00f3mo se puede contar los pasos<\/strong><\/p>\n\n\n\n<p>Os invitamos a todos y todas, a que durante la semana del \n17 al 24 de mayo hag\u00e1is un recuento de los pasos que d\u00e9is cada d\u00eda y lo \nsub\u00e1is al Facebook, twitter e Instagram de la Federaci\u00f3n con los hastag <strong>#1MillondePasos&nbsp; #Epilepsia #ADosMetrosDeDistancia <\/strong>e<strong>&nbsp;#InvestigaEpilepsia<\/strong><\/p>\n\n\n\n<p><strong>La colaboraci\u00f3n de todos, es muy importante&nbsp;<\/strong><\/p>\n\n\n\n<p>\u00abDesde los pasitos m\u00e1s peque\u00f1os, hasta los que os anim\u00e9is a\n caminar o correr por la epilepsia, entre todos, nos ayud\u00e1is a dar un \npaso adelante\u00bb, explica Jos\u00e9 Luis Dom\u00ednguez, presidente de FEDE. \u00abSi os \nanim\u00e1is a participar, durante la semana del 17 al 24 de mayo subid los \npasos a nuestras redes sociales: tenemos que sumar&nbsp;Un mill\u00f3n de pasos \npor la epilepsia\u00bb.<\/p>\n\n\n\n<p><strong>Si necesitas m\u00e1s informaci\u00f3n, ponte en contacto con <a href=\"mailto:presidente@fedeepilepsia.org\" target=\"_blank\" rel=\"noreferrer noopener\">presidente@fedeepilepsia.org<\/a> o bien llama al 655 91 84 45<\/strong><\/p>\n\n\n\n<p><br><a href=\"https:\/\/www.facebook.com\/hashtag\/1millondepasos?__eep__=6&amp;source=feed_text&amp;epa=HASHTAG&amp;__xts__%5B0%5D=68.ARCllGUETq0gG_A-QyIQW8RXHH1K9V4Lh5Jaa3XQsfTv3EDgo4zXHl6gex0DK5t2NudLQ2qpdR9XZJqrhFn6JvuC779m9V5BB0C0Hzour7yWef7pC1chGuTTuJYTa3jYhFwLpt2rJPIiFk-XGA19DLusOXUML229WOmIXlo0U_LgitxJqgX-cNUS9uqjlHzr6NK1GlztuN0KuWDHpqF1_M_OfS_IayHtt-EFT5Uix2rXvQGySsjQbziM_yUFnwPfkDX-gKTTbiW_ep93cZ7z0yhtm-jWx5N_i0m0Ik-f7u_wSlTdNByM9z_cwchWVpyjg2nTXG66_dx9DK5Th0OqP7ReYg&amp;__tn__=%2ANK-R\">#1millondepasos<\/a><a href=\"https:\/\/www.facebook.com\/hashtag\/epilepsia?__eep__=6&amp;source=feed_text&amp;epa=HASHTAG&amp;__xts__%5B0%5D=68.ARCllGUETq0gG_A-QyIQW8RXHH1K9V4Lh5Jaa3XQsfTv3EDgo4zXHl6gex0DK5t2NudLQ2qpdR9XZJqrhFn6JvuC779m9V5BB0C0Hzour7yWef7pC1chGuTTuJYTa3jYhFwLpt2rJPIiFk-XGA19DLusOXUML229WOmIXlo0U_LgitxJqgX-cNUS9uqjlHzr6NK1GlztuN0KuWDHpqF1_M_OfS_IayHtt-EFT5Uix2rXvQGySsjQbziM_yUFnwPfkDX-gKTTbiW_ep93cZ7z0yhtm-jWx5N_i0m0Ik-f7u_wSlTdNByM9z_cwchWVpyjg2nTXG66_dx9DK5Th0OqP7ReYg&amp;__tn__=%2ANK-R\">#epilepsia<\/a><\/p>\n","protected":false},"excerpt":{"rendered":"<p>Sumemos 1 mill\u00f3n de pasos por la Epilepsia. Desde la Federaci\u00f3n Espa\u00f1ola de Epilepsia &nbsp;ponemos en marcha del 17 al 24 de mayo la II edici\u00f3n de la campa\u00f1a Un Mill\u00f3n de Pasos por la Epilepsia con el fin de poner en las agendas p\u00fablicas la falta de ayudas al &hellip;<\/p>\n","protected":false},"author":1,"featured_media":413,"comment_status":"open","ping_status":"open","sticky":false,"template":"","format":"standard","meta":[],"categories":[1],"tags":[],"_links":{"self":[{"href":"https:\/\/www.apadepilepsia.es\/index.php\/wp-json\/wp\/v2\/posts\/411"}],"collection":[{"href":"https:\/\/www.apadepilepsia.es\/index.php\/wp-json\/wp\/v2\/posts"}],"about":[{"href":"https:\/\/www.apadepilepsia.es\/index.php\/wp-json\/wp\/v2\/types\/post"}],"author":[{"embeddable":true,"href":"https:\/\/www.apadepilepsia.es\/index.php\/wp-json\/wp\/v2\/users\/1"}],"replies":[{"embeddable":true,"href":"https:\/\/www.apadepilepsia.es\/index.php\/wp-json\/wp\/v2\/comments?post=411"}],"version-history":[{"count":3,"href":"https:\/\/www.apadepilepsia.es\/index.php\/wp-json\/wp\/v2\/posts\/411\/revisions"}],"predecessor-version":[{"id":421,"href":"https:\/\/www.apadepilepsia.es\/index.php\/wp-json\/wp\/v2\/posts\/411\/revisions\/421"}],"wp:featuredmedia":[{"embeddable":true,"href":"https:\/\/www.apadepilepsia.es\/index.php\/wp-json\/wp\/v2\/media\/413"}],"wp:attachment":[{"href":"https:\/\/www.apadepilepsia.es\/index.php\/wp-json\/wp\/v2\/media?parent=411"}],"wp:term":[{"taxonomy":"category","embeddable":true,"href":"https:\/\/www.apadepilepsia.es\/index.php\/wp-json\/wp\/v2\/categories?post=411"},{"taxonomy":"post_tag","embeddable":true,"href":"https:\/\/www.apadepilepsia.es\/index.php\/wp-json\/wp\/v2\/tags?post=411"}],"curies":[{"name":"wp","href":"https:\/\/api.w.org\/{rel}","templated":true}]}}