{"id":382,"date":"2020-02-14T17:55:49","date_gmt":"2020-02-14T16:55:49","guid":{"rendered":"http:\/\/www.apadepilepsia.es\/?p=382"},"modified":"2020-02-14T17:58:03","modified_gmt":"2020-02-14T16:58:03","slug":"conocer-la-epilepsia-nos-hace-iguales","status":"publish","type":"post","link":"https:\/\/www.apadepilepsia.es\/index.php\/2020\/02\/14\/conocer-la-epilepsia-nos-hace-iguales\/","title":{"rendered":"Conocer la Epilepsia nos hace  Iguales"},"content":{"rendered":"\n<div class=\"wp-block-image\"><figure class=\"alignright is-resized\"><img loading=\"lazy\" src=\"https:\/\/www.apadepilepsia.es\/wp-content\/uploads\/2020\/02\/hermoso_epilepsia.jpg\" alt=\"\" class=\"wp-image-385\" width=\"247\" height=\"175\" srcset=\"https:\/\/www.apadepilepsia.es\/wp-content\/uploads\/2020\/02\/hermoso_epilepsia.jpg 620w, https:\/\/www.apadepilepsia.es\/wp-content\/uploads\/2020\/02\/hermoso_epilepsia-300x213.jpg 300w\" sizes=\"(max-width: 247px) 100vw, 247px\" \/><figcaption>Mario Hermoso<\/figcaption><\/figure><\/div>\n\n\n\n<p>Con motivo del <strong>D\u00eda Internacional de la Epilepsia<\/strong>, que tuvo lugar el  lunes 10 de febrero, la Federaci\u00f3n Espa\u00f1ola de la Epilepsia (FEDE) y la  compa\u00f1\u00eda UCB han impulsado la campa\u00f1a \u2018Conocer la Epilepsia nos hace  Iguales\u2019, a la cual se une la <strong>Fundaci\u00f3n Atl\u00e9tico de Madrid<\/strong> mediante una  acci\u00f3n protagonizada por <strong>Mario Hermoso<\/strong>.<\/p>\n\n\n\n<p> Dicha acci\u00f3n muestra al \ndefensa rojiblanco formulando a varios ni\u00f1os tres preguntas clave sobre \nc\u00f3mo actuar ante una crisis epil\u00e9ptica: \u00bfen qu\u00e9 postura se debe\n colocar a un paciente?, \u00bfhay que introducirle algo en la boca?, \u00bfhay \nque controlar el tiempo? y a continuaci\u00f3n, ofrece las respuestas \nadecuadas a estas cuestiones y define unas sencillas pautas con las \ncuales se puede atender a una persona que sufra una crisis e incluso, \nsalvarle la vida. <\/p>\n\n\n\n<p> La \nepilepsia es un trastorno neurol\u00f3gico cr\u00f3nico que afecta aproximadamente\n a 50 millones de personas en todo el mundo, unos seis millones en \nEuropa. Aunque se desconoce su causa exacta se produce por un \nfuncionamiento anormal espor\u00e1dico de un grupo de neuronas. Se trata de \nuna enfermedad que puede afectar a cualquier persona, sin importar edad,\n aunque es m\u00e1s proclive a darse en ni\u00f1os y adolescentes y personas de \nm\u00e1s de 65 a\u00f1os.<\/p>\n\n\n\n<p> Aunque cada a\u00f1o se diagnostican en el mundo una \nmedia de dos millones de nuevos pacientes y \u00e9sta es una de las \npatolog\u00edas cr\u00f3nicas m\u00e1s comunes, a d\u00eda, de hoy los pacientes con \nepilepsia deben hacer frente a un grave estigma social derivado del \ndesconocimiento.<\/p>\n\n\n\n<p> En Espa\u00f1a m\u00e1s de 500.000 personas conviven a \ndiario con la epilepsia, y se calcula que entre un 2% y un 5% de la \npoblaci\u00f3n espa\u00f1ola experimentar\u00e1, al menos una crisis epil\u00e9ptica a lo \nlargo de su vida lo que no implica que se trate de un paciente con \nepilepsia; y el riesgo de reca\u00edda se ha estimado entre el 23% y el 71%.<\/p>\n","protected":false},"excerpt":{"rendered":"<p>Con motivo del D\u00eda Internacional de la Epilepsia, que tuvo lugar el lunes 10 de febrero, la Federaci\u00f3n Espa\u00f1ola de la Epilepsia (FEDE) y la compa\u00f1\u00eda UCB han impulsado la campa\u00f1a \u2018Conocer la Epilepsia nos hace Iguales\u2019, a la cual se une la Fundaci\u00f3n Atl\u00e9tico de Madrid mediante una acci\u00f3n &hellip;<\/p>\n","protected":false},"author":1,"featured_media":383,"comment_status":"open","ping_status":"open","sticky":false,"template":"","format":"standard","meta":[],"categories":[1],"tags":[],"_links":{"self":[{"href":"https:\/\/www.apadepilepsia.es\/index.php\/wp-json\/wp\/v2\/posts\/382"}],"collection":[{"href":"https:\/\/www.apadepilepsia.es\/index.php\/wp-json\/wp\/v2\/posts"}],"about":[{"href":"https:\/\/www.apadepilepsia.es\/index.php\/wp-json\/wp\/v2\/types\/post"}],"author":[{"embeddable":true,"href":"https:\/\/www.apadepilepsia.es\/index.php\/wp-json\/wp\/v2\/users\/1"}],"replies":[{"embeddable":true,"href":"https:\/\/www.apadepilepsia.es\/index.php\/wp-json\/wp\/v2\/comments?post=382"}],"version-history":[{"count":2,"href":"https:\/\/www.apadepilepsia.es\/index.php\/wp-json\/wp\/v2\/posts\/382\/revisions"}],"predecessor-version":[{"id":386,"href":"https:\/\/www.apadepilepsia.es\/index.php\/wp-json\/wp\/v2\/posts\/382\/revisions\/386"}],"wp:featuredmedia":[{"embeddable":true,"href":"https:\/\/www.apadepilepsia.es\/index.php\/wp-json\/wp\/v2\/media\/383"}],"wp:attachment":[{"href":"https:\/\/www.apadepilepsia.es\/index.php\/wp-json\/wp\/v2\/media?parent=382"}],"wp:term":[{"taxonomy":"category","embeddable":true,"href":"https:\/\/www.apadepilepsia.es\/index.php\/wp-json\/wp\/v2\/categories?post=382"},{"taxonomy":"post_tag","embeddable":true,"href":"https:\/\/www.apadepilepsia.es\/index.php\/wp-json\/wp\/v2\/tags?post=382"}],"curies":[{"name":"wp","href":"https:\/\/api.w.org\/{rel}","templated":true}]}}